{"id":3546,"date":"2025-05-16T03:22:40","date_gmt":"2025-05-16T03:22:40","guid":{"rendered":"https:\/\/administarpropiedades.com\/?p=3546"},"modified":"2025-05-16T03:46:18","modified_gmt":"2025-05-16T03:46:18","slug":"medellin-el-destino-ideal-para-el-turismo-de-negocios-en-2025","status":"publish","type":"post","link":"https:\/\/administarpropiedades.com\/en\/medellin-el-destino-ideal-para-el-turismo-de-negocios-en-2025\/","title":{"rendered":"Medell\u00edn: el destino ideal para el turismo de negocios en 2025"},"content":{"rendered":"<p>Medell\u00edn ya no es solo una ciudad para hacer turismo. Hoy tambi\u00e9n es el epicentro de ideas, alianzas, innovaci\u00f3n y negocios con prop\u00f3sito. Ubicada estrat\u00e9gicamente en el coraz\u00f3n de Colombia, con una infraestructura moderna y un talento humano excepcional, esta ciudad se ha convertido en uno de los destinos m\u00e1s prometedores para el turismo MICE (Meetings, Incentives, Conferences and Exhibitions) en Am\u00e9rica Latina.<\/p>\n<p><strong>Una ciudad que inspira a hacer negocios con sentido<\/strong><\/p>\n<p>M\u00e1s all\u00e1 de cerrar tratos, en Medell\u00edn se viene a abrir caminos. Aqu\u00ed los negocios son cercanos, colaborativos y llenos de calidez. La ciudad no solo ofrece espacios y log\u00edstica para eventos de talla internacional, sino tambi\u00e9n una cultura que valora el trabajo en red, la innovaci\u00f3n y el crecimiento conjunto.<\/p>\n<p><strong>Infraestructura preparada para eventos globales<\/strong><\/p>\n<p>Medell\u00edn cuenta con m\u00e1s de <strong>15.000 habitaciones<\/strong> de hotel y una variedad impresionante de escenarios para reuniones y ferias: desde <strong>Plaza Mayor<\/strong>, su centro de convenciones por excelencia, hasta espacios no convencionales como museos, bibliotecas y caf\u00e9s con encanto.<\/p>\n<p>A esto se suma su conectividad a\u00e9rea: dos aeropuertos internacionales \u2014Jos\u00e9 Mar\u00eda C\u00f3rdova y Olaya Herrera\u2014 conectan la ciudad con m\u00e1s de 15 pa\u00edses y 17 ciudades colombianas, facilitando la llegada de viajeros de negocios de toda la regi\u00f3n.<\/p>\n<p><strong>Ecosistemas que hacen florecer ideas<\/strong><\/p>\n<p>El verdadero valor de Medell\u00edn est\u00e1 en su capacidad para cultivar ecosistemas de innovaci\u00f3n.<\/p>\n<ul>\n<li>En la zona norte, el <strong>Distrito de Innovaci\u00f3n<\/strong>\u00a0\u2014hogar de Ruta N y del Centro para la Cuarta Revoluci\u00f3n Industrial\u2014 impulsa alianzas, emprendimientos y tecnolog\u00eda de impacto global.<br \/>\n&#8211; En el <strong>Distrito Creativo del Perpetuo Socorro<\/strong>, artistas, dise\u00f1adores y desarrolladores convierten ideas disruptivas en proyectos reales.<\/li>\n<\/ul>\n<p>Adem\u00e1s, con m\u00e1s de <strong>130 espacios de coworking<\/strong>, Medell\u00edn ofrece lugares vers\u00e1tiles para trabajar, crear y conectar.<\/p>\n<p><strong>Ferias, eventos y networking sin pausa<\/strong><\/p>\n<p>Durante el a\u00f1o, Medell\u00edn acoge eventos empresariales de alto nivel como <strong>Colombia Tech Week, ANDICOM regional, ExpoInmobiliaria<\/strong> y <strong>Smart City Expo<\/strong>, donde se presentan innovaciones, se exploran inversiones y se construyen alianzas estrat\u00e9gicas.<\/p>\n<p>Y en 2025, ser\u00e1 sede del <strong>ICCA Latin America &amp; Caribbean Summit<\/strong>, un evento que confirma su protagonismo global en la industria MICE.<\/p>\n<p><strong>Lo humano tambi\u00e9n hace la diferencia<\/strong><\/p>\n<p>Aqu\u00ed, los negocios se hacen con una sonrisa, con un caf\u00e9 de por medio. La calidez paisa es uno de los mayores diferenciales de Medell\u00edn frente a otros destinos corporativos del continente.<\/p>\n<p>Quienes eligen la ciudad para hacer negocios destacan la disposici\u00f3n de su gente, la cultura de servicio, y la pasi\u00f3n con la que los equipos locales se comprometen con cada proyecto.<\/p>\n<p><strong>\u00bfY qu\u00e9 tiene que ver AdminiStar con todo esto?<\/strong><\/p>\n<p>Desde AdminiStar Propiedades, entendemos que el turismo de negocios es tambi\u00e9n una oportunidad para nuestros propietarios. <strong>Cada vez m\u00e1s profesionales, empresarios y n\u00f3madas digitales eligen alojamientos bien ubicados, tranquilos y funcionales en zonas como Laureles y El Poblado.<\/strong><\/p>\n<p>Nuestros alojamientos est\u00e1n pensados para ofrecer comodidad, conectividad y privacidad a este tipo de viajero. Con gesti\u00f3n 360\u00b0, atenci\u00f3n 24\/7 y experiencia en plataformas digitales, ayudamos a nuestros clientes a aprovechar esta tendencia de forma rentable y sin complicaciones.<\/p>\n<p>Medell\u00edn no solo se proyecta como ciudad destino. Se consolida como <strong>hub de negocios<\/strong>\u00a0y polo de innovaci\u00f3n en Am\u00e9rica Latina. Si buscas un lugar para invertir, emprender, asistir a eventos o simplemente inspirarte, Medell\u00edn tiene todo lo que necesitas\u2026 y un poco m\u00e1s.<\/p>\n<p>Y si tienes una propiedad aqu\u00ed, es el momento perfecto para aprovechar el auge del turismo corporativo con el respaldo de AdminiStar.<\/p>\n<p>\ud83d\udc49 \u00bfTe interesa convertir tu propiedad en un alojamiento ideal para ejecutivos y viajeros de negocios?<\/p>\n<p>Solicita una asesor\u00eda gratuita con nuestro equipo.<\/p>","protected":false},"excerpt":{"rendered":"<p>Medell\u00edn ya no es solo una ciudad para hacer turismo. Hoy tambi\u00e9n es el epicentro de ideas, alianzas, innovaci\u00f3n y negocios con prop\u00f3sito. Ubicada estrat\u00e9gicamente en el coraz\u00f3n de Colombia, con una infraestructura moderna y un talento humano excepcional, esta ciudad se ha convertido en uno de los destinos m\u00e1s prometedores para el turismo MICE [&hellip;]<\/p>","protected":false},"author":1,"featured_media":3547,"comment_status":"open","ping_status":"open","sticky":false,"template":"","format":"standard","meta":{"_jetpack_memberships_contains_paid_content":false,"footnotes":"","jetpack_publicize_message":"","jetpack_publicize_feature_enabled":true,"jetpack_social_post_already_shared":true,"jetpack_social_options":{"image_generator_settings":{"template":"highway","default_image_id":0,"font":"","enabled":false},"version":2}},"categories":[27],"tags":[70,71,69,72],"class_list":["post-3546","post","type-post","status-publish","format-standard","has-post-thumbnail","hentry","category-blog","tag-medellin-eventos-empresariales","tag-medellin-reuniones-y-congresos","tag-turismo-de-negocios-medellin","tag-viajes-de-negocios-colombia"],"jetpack_publicize_connections":[],"jetpack_featured_media_url":"https:\/\/administarpropiedades.com\/wp-content\/uploads\/2025\/05\/alpujarra-1.png","jetpack_sharing_enabled":true,"_links":{"self":[{"href":"https:\/\/administarpropiedades.com\/en\/wp-json\/wp\/v2\/posts\/3546","targetHints":{"allow":["GET"]}}],"collection":[{"href":"https:\/\/administarpropiedades.com\/en\/wp-json\/wp\/v2\/posts"}],"about":[{"href":"https:\/\/administarpropiedades.com\/en\/wp-json\/wp\/v2\/types\/post"}],"author":[{"embeddable":true,"href":"https:\/\/administarpropiedades.com\/en\/wp-json\/wp\/v2\/users\/1"}],"replies":[{"embeddable":true,"href":"https:\/\/administarpropiedades.com\/en\/wp-json\/wp\/v2\/comments?post=3546"}],"version-history":[{"count":2,"href":"https:\/\/administarpropiedades.com\/en\/wp-json\/wp\/v2\/posts\/3546\/revisions"}],"predecessor-version":[{"id":3549,"href":"https:\/\/administarpropiedades.com\/en\/wp-json\/wp\/v2\/posts\/3546\/revisions\/3549"}],"wp:featuredmedia":[{"embeddable":true,"href":"https:\/\/administarpropiedades.com\/en\/wp-json\/wp\/v2\/media\/3547"}],"wp:attachment":[{"href":"https:\/\/administarpropiedades.com\/en\/wp-json\/wp\/v2\/media?parent=3546"}],"wp:term":[{"taxonomy":"category","embeddable":true,"href":"https:\/\/administarpropiedades.com\/en\/wp-json\/wp\/v2\/categories?post=3546"},{"taxonomy":"post_tag","embeddable":true,"href":"https:\/\/administarpropiedades.com\/en\/wp-json\/wp\/v2\/tags?post=3546"}],"curies":[{"name":"wp","href":"https:\/\/api.w.org\/{rel}","templated":true}]}}