{"id":2550,"date":"2025-04-18T16:52:40","date_gmt":"2025-04-18T16:52:40","guid":{"rendered":"http:\/\/www.designarethemes.net\/themes\/paris-wp\/1\/?p=2550"},"modified":"2025-04-23T04:34:20","modified_gmt":"2025-04-23T04:34:20","slug":"beautiful-london","status":"publish","type":"post","link":"https:\/\/administarpropiedades.com\/en\/beautiful-london\/","title":{"rendered":"Descubre el centro de Medell\u00edn: cultura, teatros y caf\u00e9s con historia"},"content":{"rendered":"<div class=\"wpb-content-wrapper\"><div class=\"vc_row wpb_row vc_row-fluid\"><div class=\"wpb_column vc_column_container vc_col-sm-12\"><div class=\"vc_column-inner\"><div class=\"wpb_wrapper\">\n\t<div class=\"wpb_text_column wpb_content_element\" >\n\t\t<div class=\"wpb_wrapper\">\n\t\t\t<p>El centro de Medell\u00edn no solo es el lugar donde todo comenz\u00f3, tambi\u00e9n es el alma viva de la ciudad. Aqu\u00ed la historia conversa con la modernidad, el arte se respira en cada esquina, y la energ\u00eda urbana vibra d\u00eda y noche. Si est\u00e1s buscando una experiencia aut\u00e9ntica en tu visita a Medell\u00edn \u2014o quieres redescubrir tu propia ciudad\u2014, esta gu\u00eda te llevar\u00e1 por una ruta cultural imperdible. \ud83c\udfad\u2615<\/p>\n<h3 class=\"\" data-start=\"843\" data-end=\"893\">Un paseo por los teatros que cuentan historias<\/h3>\n<p class=\"\" data-start=\"895\" data-end=\"955\">En el centro de Medell\u00edn, el teatro no solo se ve, se vive.<\/p>\n<ul data-start=\"957\" data-end=\"1740\">\n<li class=\"\" data-start=\"957\" data-end=\"1202\">\n<p class=\"\" data-start=\"959\" data-end=\"1202\"><strong data-start=\"959\" data-end=\"987\">Teatro Pablo Tob\u00f3n Uribe<\/strong>: \u00cdcono de la ciudad, su arquitectura y su cartelera lo convierten en un destino obligado para los amantes de la cultura. Adem\u00e1s, su cafeter\u00eda y espacios al aire libre son punto de encuentro de artistas y so\u00f1adores.<\/p>\n<\/li>\n<li class=\"\" data-start=\"1204\" data-end=\"1384\">\n<p class=\"\" data-start=\"1206\" data-end=\"1384\"><strong data-start=\"1206\" data-end=\"1224\">Peque\u00f1o Teatro<\/strong>: Una joya \u00edntima y acogedora. Aqu\u00ed cada funci\u00f3n se siente en el alma. Su repertorio combina obras cl\u00e1sicas y propuestas innovadoras, siempre con talento local.<\/p>\n<\/li>\n<li class=\"\" data-start=\"1386\" data-end=\"1567\">\n<p class=\"\" data-start=\"1388\" data-end=\"1567\"><strong data-start=\"1388\" data-end=\"1411\">Teatro Matacandelas<\/strong>: Puro arte vanguardista. Este espacio independiente desaf\u00eda los sentidos con presentaciones arriesgadas, poes\u00eda en escena y una m\u00edstica dif\u00edcil de olvidar.<\/p>\n<\/li>\n<\/ul>\n<p class=\"\" data-start=\"1571\" data-end=\"1740\"><strong data-start=\"1571\" data-end=\"1587\"><img loading=\"lazy\" decoding=\"async\" class=\"alignnone size-full wp-image-3326\" src=\"https:\/\/administarpropiedades.com\/wp-content\/uploads\/2015\/11\/Matacandelas.jpg\" alt=\"\" width=\"1200\" height=\"800\" srcset=\"https:\/\/administarpropiedades.com\/wp-content\/uploads\/2015\/11\/Matacandelas.jpg 1200w, https:\/\/administarpropiedades.com\/wp-content\/uploads\/2015\/11\/Matacandelas-300x200.jpg 300w, https:\/\/administarpropiedades.com\/wp-content\/uploads\/2015\/11\/Matacandelas-1024x683.jpg 1024w, https:\/\/administarpropiedades.com\/wp-content\/uploads\/2015\/11\/Matacandelas-768x512.jpg 768w, https:\/\/administarpropiedades.com\/wp-content\/uploads\/2015\/11\/Matacandelas-600x400.jpg 600w\" sizes=\"auto, (max-width: 1200px) 100vw, 1200px\" \/><\/strong><\/p>\n<ul data-start=\"957\" data-end=\"1740\">\n<li class=\"\" data-start=\"1569\" data-end=\"1740\">\n<p class=\"\" data-start=\"1571\" data-end=\"1740\"><strong data-start=\"1571\" data-end=\"1587\">Agit\u00e9 Teatro<\/strong>: Una propuesta joven, alternativa y llena de movimiento. Teatro, m\u00fasica, danza y performance se mezclan para ofrecer funciones frescas y experimentales.<\/p>\n<\/li>\n<\/ul>\n<h3 class=\"\" data-start=\"1742\" data-end=\"1781\">Caf\u00e9s con historia, sabor y encanto<\/h3>\n<p class=\"\" data-start=\"1783\" data-end=\"1919\">Nada como una buena taza de caf\u00e9 para acompa\u00f1ar un recorrido por el centro. Estos espacios, m\u00e1s que cafeter\u00edas, son refugios culturales:<\/p>\n<ul data-start=\"1921\" data-end=\"2335\">\n<li class=\"\" data-start=\"1921\" data-end=\"2079\">\n<p class=\"\" data-start=\"1923\" data-end=\"2079\"><strong data-start=\"1923\" data-end=\"1941\">Caf\u00e9 Versalles<\/strong>: Una c\u00e1psula del tiempo con sabor a tango y conversaci\u00f3n. Aqu\u00ed se mezclan generaciones, historias de ciudad y una reposter\u00eda que enamora.<\/p>\n<\/li>\n<li class=\"\" data-start=\"2081\" data-end=\"2189\">\n<p class=\"\" data-start=\"2083\" data-end=\"2189\"><strong data-start=\"2083\" data-end=\"2099\">Sal\u00f3n M\u00e1laga<\/strong>: Caf\u00e9, boleros y nostalgia. Un lugar donde la Medell\u00edn de anta\u00f1o se conserva con orgullo.<\/p>\n<\/li>\n<li class=\"\" data-start=\"2191\" data-end=\"2335\">\n<p class=\"\" data-start=\"2193\" data-end=\"2335\"><strong data-start=\"2193\" data-end=\"2219\">Pergamino (sede Jun\u00edn)<\/strong>: Una parada para los que quieren caf\u00e9 de especialidad en un ambiente moderno, sin perder la conexi\u00f3n con el centro.<\/p>\n<\/li>\n<\/ul>\n<h3 class=\"\" data-start=\"2337\" data-end=\"2378\">Vive el centro de Medell\u00edn con todos los sentidos<\/h3>\n<p class=\"\" data-start=\"2380\" data-end=\"2632\">Adem\u00e1s de teatros y caf\u00e9s, el centro es escenario de intervenciones urbanas, arte callejero, librer\u00edas con alma, y personajes que te cuentan la historia mejor que cualquier gu\u00eda. Cada callej\u00f3n tiene algo que decir y cada plan cultural aqu\u00ed deja huella.<\/p>\n<blockquote>\n<p data-start=\"2380\" data-end=\"2632\"><strong data-start=\"2639\" data-end=\"2742\">\u00bfTienes una propiedad en el centro de Medell\u00edn o quieres invertir en esta zona con tanto potencial?<\/strong> En AdminiStar Propiedades te ayudamos a sacar el m\u00e1ximo provecho de tus espacios a trav\u00e9s de una gesti\u00f3n eficiente, atractiva y con enfoque en experiencias aut\u00e9nticas. \ud83c\udfe1\u2728<\/p>\n<\/blockquote>\n\n\t\t<\/div>\n\t<\/div>\n<\/div><\/div><\/div><\/div>\n<\/div>","protected":false},"excerpt":{"rendered":"El centro de Medell\u00edn no solo es el lugar donde todo comenz\u00f3, tambi\u00e9n es el alma viva de la ciudad. Aqu\u00ed la historia conversa con la modernidad, el arte se respira en cada esquina, y la energ\u00eda urbana vibra d\u00eda y noche. Si est\u00e1s buscando una experiencia aut\u00e9ntica en tu visita a Medell\u00edn \u2014o quieres [...]","protected":false},"author":1,"featured_media":3327,"comment_status":"closed","ping_status":"closed","sticky":false,"template":"","format":"standard","meta":{"_jetpack_memberships_contains_paid_content":false,"footnotes":"","jetpack_publicize_message":"","jetpack_publicize_feature_enabled":true,"jetpack_social_post_already_shared":false,"jetpack_social_options":{"image_generator_settings":{"template":"highway","default_image_id":0,"font":"","enabled":false},"version":2}},"categories":[27],"tags":[12],"class_list":["post-2550","post","type-post","status-publish","format-standard","has-post-thumbnail","hentry","category-blog","tag-images"],"jetpack_publicize_connections":[],"jetpack_featured_media_url":"https:\/\/administarpropiedades.com\/wp-content\/uploads\/2015\/11\/centro-de-medellin.png","jetpack_sharing_enabled":true,"_links":{"self":[{"href":"https:\/\/administarpropiedades.com\/en\/wp-json\/wp\/v2\/posts\/2550","targetHints":{"allow":["GET"]}}],"collection":[{"href":"https:\/\/administarpropiedades.com\/en\/wp-json\/wp\/v2\/posts"}],"about":[{"href":"https:\/\/administarpropiedades.com\/en\/wp-json\/wp\/v2\/types\/post"}],"author":[{"embeddable":true,"href":"https:\/\/administarpropiedades.com\/en\/wp-json\/wp\/v2\/users\/1"}],"replies":[{"embeddable":true,"href":"https:\/\/administarpropiedades.com\/en\/wp-json\/wp\/v2\/comments?post=2550"}],"version-history":[{"count":3,"href":"https:\/\/administarpropiedades.com\/en\/wp-json\/wp\/v2\/posts\/2550\/revisions"}],"predecessor-version":[{"id":3325,"href":"https:\/\/administarpropiedades.com\/en\/wp-json\/wp\/v2\/posts\/2550\/revisions\/3325"}],"wp:featuredmedia":[{"embeddable":true,"href":"https:\/\/administarpropiedades.com\/en\/wp-json\/wp\/v2\/media\/3327"}],"wp:attachment":[{"href":"https:\/\/administarpropiedades.com\/en\/wp-json\/wp\/v2\/media?parent=2550"}],"wp:term":[{"taxonomy":"category","embeddable":true,"href":"https:\/\/administarpropiedades.com\/en\/wp-json\/wp\/v2\/categories?post=2550"},{"taxonomy":"post_tag","embeddable":true,"href":"https:\/\/administarpropiedades.com\/en\/wp-json\/wp\/v2\/tags?post=2550"}],"curies":[{"name":"wp","href":"https:\/\/api.w.org\/{rel}","templated":true}]}}